{"id":2519,"date":"2015-06-26T04:50:27","date_gmt":"2015-06-26T02:50:27","guid":{"rendered":"http:\/\/urholstein.de\/?p=2519"},"modified":"2015-06-26T04:50:27","modified_gmt":"2015-06-26T02:50:27","slug":"geschichte-der-gebrochenen-schrift","status":"publish","type":"post","link":"https:\/\/urholstein.de\/index.php\/2015\/06\/26\/geschichte-der-gebrochenen-schrift\/","title":{"rendered":"Die Ge\u017fchichte der Gebrochenen Schrift"},"content":{"rendered":"<p>Mit dem Ein\u00adzug der Gotik um das Jahr 1200, ent\u017ftan\u00adden in Nord\u00adfrank\u00adreich die er\u017ften eben\u00adfalls goti\u017fchen gebro\u00adche\u00adnen Schrif\u00adten \u2014 gebro\u00adchen des\u00adhalb, weil der Schrei\u00adber die Ange\u00adwohn\u00adheit hat\u00adte, die run\u00adden B\u00f6gen der ein\u00adzel\u00adnen Buch\u017fta\u00adben zu bre\u00adchen \u2014 gleich bei\u017fpiels\u00adwei\u017fe den Rund\u00adb\u00f6\u00adgen von Kir\u00adchen\u00adfen\u017ftern, die durch den goti\u017fchen Stil an ihrem h\u00f6ch\u017ften Punkt einen Bruch erfuh\u00adren (lat. Frak\u00adtur).<\/p>\n<p>Dadurch wur\u00adden die ein\u00adzel\u00adnen Let\u00adtern \u017fch\u00adma\u00adler und gera\u00adder an der Form. Nach dem Druck des er\u017ften, we\u017ft\u00adli\u00adchen Buches \u2014 der Bibel \u2014 durch Johan\u00adnes Guten\u00adberg 1455 hielt die gebro\u00adche\u00adne Schrift gro\u00df\u00adz\u00fc\u00adgig Ein\u00adzug in L\u00e4n\u00adder, wie z.B. Eng\u00adland, Ita\u00adli\u00aden, D\u00e4ne\u00admark und Deut\u017fch\u00adland. In letz\u00adte\u00adrem wer\u00adden unge\u00adf\u00e4hr hun\u00adtert Jah\u00adre&nbsp;\u017fp\u00e4\u00adter mehr\u00adheit\u00adlich alle deut\u017fch\u017fpra\u00adchi\u00adgen Tex\u00adte in der neu\u00aden Schrift ge\u017fetzt, und daher auch oft im Aus\u00adlan\u00adde (z.B. Ita\u00adli\u00aden) als \u201eDeut\u017fche Schrift\u201c beti\u00adtelt. Zwi\u017fchen 1890 und 1940 erle\u00adben die gebro\u00adche\u00adnen Buch\u017fta\u00adben ihren H\u00f6he\u00adpunkt, und \u017find an Sch\u00f6n\u00adheit und Viel\u00adzahl kaum zu \u00fcber\u00adtref\u00adfen.<\/p>\n<p><img loading=\"lazy\" decoding=\"async\" class=\" center alignnone wp-image-2644 size-full\" src=\"http:\/\/urholstein.de\/wp-content\/uploads\/bogenbruch.png\" alt=\"Vergleich Antiqua Fraktur\" width=\"372\" height=\"253\"><\/p>\n<h3>Das Verbot der gebrochenen Schrift durch die National\u017foziali\u017ften<\/h3>\n<p>1941 (md. Zr.) lie\u00df Adolf Hit\u00adler durch den \u201eNor\u00admal\u017fchrifz\u00adten\u00ader\u00adla\u017fs\u201c den Gebrauch und das Leh\u00adren der gebro\u00adche\u00adnen Schrift ver\u00adbie\u00adten, und beti\u00adtel\u00adte \u017fel\u00adbe als \u201eJuden\u00adlet\u00adtern\u201c. Von da an ver\u00ad\u017fchwan\u00adden die gebro\u00adche\u00adnen Schrif\u00adten nahe\u00adzu g\u00e4nz\u00adlich aus allen Druck\u00adwer\u00adken und wur\u00adden durch die \u201eLatei\u00adni\u017fche\u201c Anti\u00adqua Schrift er\u017fetzt. Bereits 1934 erw\u00e4hn\u00adte Hit\u00adler auf einem Reichs\u00adpar\u00adtei\u00adtag:<\/p>\n<p><span class=\"zitat1\">\u201eEure ver\u00admeint\u00adli\u00adche goti\u017fche Ver\u00adin\u00adner\u00adli\u00adchung pa\u017f\u017ft \u017fchlecht in das Zeit\u00adal\u00adter von Stahl und Ei\u017fen, Glas und Beton, von Frau\u00aden\u017fch\u00f6n\u00adheit und M\u00e4n\u00adner\u00adkraft, von hoch\u00adge\u00adho\u00adbe\u00adnem Haupt und trot\u00adzi\u00adgem Sinn \u2026 Un\u017fe\u00adre Spra\u00adche wird in hun\u00addert Jah\u00adren die euro\u00adp\u00e4i\u017fche Spra\u00adche \u017fein. Die L\u00e4n\u00adder des O\u017ftens, des Nor\u00addens wie des We\u017ftens wer\u00adden, um \u017fich mit uns ver\u00ad\u017ft\u00e4n\u00addi\u00adgen zu k\u00f6n\u00adnen, un\u017fe\u00adre Spra\u00adche ler\u00adnen. Die Vor\u00adaus\u017fet\u00adzung daf\u00fcr: An die Stel\u00adle der goti\u017fch genann\u00adten Schrift tritt die Schrift, wel\u00adche wir bis\u00adher die latei\u00adni\u017fche nann\u00adten [\u2026]\u201c<\/span><\/p>\n<p><span id=\"Erlass_zur_alleinigen_Unterrichtung_der_lateinischen_Schreibschrift_als_neuer_.E2.80.9Edeutscher_Normalschrift.E2.80.9C\" class=\"mw-headline\">In dem \u017fp\u00e4\u00adte\u00adren Nor\u00admal\u017fchrift\u00ader\u00adla\u017fs zur allei\u00adni\u00adgen Unter\u00adrich\u00adtung der latei\u00adni\u017fchen Schrei\u00adb\u017fchrift als neu\u00ader \u201edeut\u017fcher Nor\u00admal\u017fchrift\u201c \u017fteht:<\/span><\/p>\n<p><span class=\"zitat1\">\u201eDie \u017foge\u00adnann\u00adte goti\u017fche Schrift als eine deut\u017fche Schrift anzu\u00ad\u017fe\u00adhen oder zu bezeich\u00adnen i\u017ft fal\u017fch. In Wirk\u00adlich\u00adkeit be\u017fteht die \u017foge\u00adnann\u00adte goti\u017fche Schrift aus Schwa\u00adba\u00adcher Juden\u00adlet\u00adtern. Genau wie \u017fie \u017fich \u017fp\u00e4\u00adter in den Be\u017fitz der Zei\u00adtun\u00adgen \u017fetz\u00adten, \u017fetz\u00adten \u017fich die in Deut\u017fch\u00adland an\u017f\u00e4\u017f\u017fi\u00adgen Juden bei Ein\u00adf\u00fch\u00adrung des Buch\u00addrucks in den Be\u017fitz der Buch\u00addrucke\u00adrei\u00aden und dadurch kam es in Deut\u017fch\u00adland zu der \u017ftar\u00adken Ein\u00adf\u00fch\u00adrung der Schwa\u00adba\u00adcher Juden\u00adlet\u00adtern.<\/span><\/p>\n<p><span class=\"zitat1\">Am heu\u00adti\u00adgen Tage hat der F\u00fch\u00adrer in einer Be\u017fpre\u00adchung [\u2026] ent\u017fchie\u00adden, da\u00df die Anti\u00adqua-Schrift k\u00fcnf\u00adtig als Nor\u00admal-Schrift zu bezeich\u00adnen \u017fei. Nach und nach \u017fol\u00adlen \u017f\u00e4mt\u00adli\u00adche Druckerzeug\u00adni\u017f\u017fe auf die\u017fe Nor\u00admal-Schrift umge\u017ftellt wer\u00adden. Sobald dies \u017fchul\u00adbuch\u00adm\u00e4\u017f\u017fig m\u00f6g\u00adlich i\u017ft, wird in den Dor\u00adf\u00ad\u017fchu\u00adlen und Volks\u00ad\u017fchu\u00adlen nur mehr die Nor\u00admal-Schrift gelehrt wer\u00adden.<\/span><\/p>\n<p><span class=\"zitat1\">Die Ver\u00adwen\u00addung der Schwa\u00adba\u00adcher Juden\u00adlet\u00adtern durch Beh\u00f6r\u00adden wird k\u00fcnf\u00adtig unter\u00adblei\u00adben; Ernen\u00adnungs\u00adur\u00adkun\u00adden f\u00fcr Beam\u00adte, Stra\u017f\u017fen\u017fchil\u00adder u. dergl. wer\u00adden k\u00fcnf\u00adtig nur mehr in Nor\u00admal-Schrift gefer\u00adtigt wer\u00adden.<\/span><\/p>\n<p><span class=\"zitat1\">Im Auf\u00adtra\u00adge des F\u00fch\u00adrers wird Herr Reichs\u00adlei\u00adter Amann zun\u00e4ch\u017ft jene Zei\u00adtun\u00adgen und Zeit\u017fchrif\u00adten, die bereits eine Aus\u00adlands\u00adver\u00adbrei\u00adtung haben, oder deren Aus\u00adlands\u00adver\u00adbrei\u00adtung erw\u00fcn\u017fcht i\u017ft, auf Nor\u00admal-Schrift um\u017ftel\u00adlen.\u201c<\/span><\/p>\n<p>Im An\u017fchlu\u017fs wur\u00adden vie\u00adle, teu\u00adre Blei\u00adlet\u00adtern mit gebro\u00adche\u00adnen Buch\u017fta\u00adben ein\u00adge\u017fchmol\u00adzen, oder ver\u00ad\u017fchwan\u00adden in die hin\u00adter\u017ften Ecken der Drucke\u00adrei\u00aden.<\/p>\n<h3>Das Zeitalter der Rechenma\u017fchinen<\/h3>\n<p>Ver\u00adbo\u00adten i\u017ft der Gebrauch der Gebro\u00adche\u00adnen Schrift nicht mehr, den\u00adnoch wur\u00adde \u017fie bis in das Rech\u00adner\u00adzeit\u00adal\u00adter nahe\u00adzu gar nicht mehr ver\u00adwen\u00addet. Er\u017ft mit den M\u00f6g\u00adlich\u00adkei\u00adten der moder\u00adnen Tech\u00adnik und der Digi\u00adta\u00adli\u017fie\u00adrung von Schrif\u00adten, den \u201eFonts\u201c,&nbsp; fin\u00adgen ver\u00ad\u017fchie\u00adde\u00adne K\u00fcn\u017ft\u00adler damit an, die alten Schrif\u00adten wie\u00adder zu neu\u00adem Leben zu erwecken; doch lei\u00adder wird hier oft das Augen\u00admerk kaum auf die Vol\u00adl\u017ft\u00e4n\u00addig\u00adkeit des Zei\u00adchen\u017fat\u00adzes gelegt, da \u017fich heu\u00adte nur weni\u00adge bis ins Detail mit dem We\u017fen der Gebro\u00adche\u00adnen Schrift be\u017fch\u00e4f\u00adti\u00adgen. Zu einem kom\u00adplet\u00adten Frak\u00adtur-Zei\u00adchen\u017fatz&nbsp;\u017foll\u00adte ein Lang\u2011S,&nbsp;\u017fowie ver\u00ad\u017fchie\u00adde\u00adne Liga\u00adtu\u00adren geh\u00f6\u00adren.&nbsp; Auch wenn man die\u017fe even\u00adtu\u00adell nicht zur Anwen\u00addung brin\u00adgen m\u00f6ch\u00adte, \u017fo \u017foll\u00adte man zumin\u00adde\u017ft bei Bedarf die M\u00f6g\u00adlich\u00adkeit durch eben einen \u017fol\u00adchen umfang\u00adrei\u00adchen Zei\u00adchen\u017fatz bekom\u00admen. Trotz der vor\u00adan\u017fchrei\u00adten\u00adden Digi\u00adta\u00adli\u017fie\u00adrung, die mitt\u00adler\u00adwei\u00adle mit einer hohen Anzahl Gebro\u00adche\u00adner Schrif\u00adten daher\u00adkommt, wer\u00adden die\u017fe heu\u00ader nur ver\u00adein\u00adzelt in \u017fub\u00adkul\u00adtu\u00adrel\u00adlen Krei\u017fen ver\u00adwen\u00addet; dies mei\u017ft nur in Form von Logos oder Waren\u00adauf\u00addrucken.<\/p>\n<p><img loading=\"lazy\" decoding=\"async\" class=\"alignleft size-full wp-image-4922\" src=\"http:\/\/urholstein.de\/wp-content\/uploads\/ligatur.png\" alt width=\"561\" height=\"224\"><\/p>\n<p>&nbsp;<\/p>\n<p>Mir i\u017ft zur\u00adzeit nur das Urhol\u017ftein Wochen\u00adblatt als Net\u00adz\u017fei\u00adte bekannt, wel\u00adche die Gebro\u00adche\u00adne Schrift auch f\u00fcr den Flie\u00df\u00adtext ver\u00adwen\u00addet. Soll\u00adten Sie durch Zufall einer \u017fol\u00adchen Netz\u00adsei\u00adte begeg\u00adnen, w\u00fcr\u00adde ich mich in h\u00f6ch\u017ftem Ma\u00dfe \u00fcber einen Hin\u00adweis freu\u00aden!<\/p>\n<p><del><\/del><del><\/del>Eine \u017fehr \u017fch\u00f6\u00adne Samm\u00adlung an <span style=\"text-decoration: underline;\">kor\u00adrek\u00adten<\/span> und ko\u017ften\u00adlo\u017fen Gebro\u00adche\u00adnen Schrif\u00adten f\u00fcr den Rech\u00adner bie\u00adtet z.B. Peter Wie\u00adgel, auf \u017fei\u00adner Sei\u00adte <a href=\"http:\/\/www.catfonts.de\" target=\"_blank\" rel=\"noopener\">Catfonts.de<\/a> an.<\/p>\n","protected":false},"excerpt":{"rendered":"Mit dem Ein\u00adzug der Gotik um das Jahr 1200, ent\u017ftan\u00adden in Nord\u00adfrank\u00adreich die er\u017ften eben\u00adfalls goti\u017fchen gebro\u00adche\u00adnen Schrif\u00adten \u2014 gebro\u00adchen des\u00adhalb, weil der Schrei\u00adber die Ange\u00adwohn\u00adheit hat\u00adte, die run\u00adden B\u00f6gen der ein\u00adzel\u00adnen Buch\u017fta\u00adben zu bre\u00adchen \u2014 gleich bei\u017fpiels\u00adwei\u017fe den Rund\u00adb\u00f6\u00adgen von Kir\u00adchen\u00adfen\u017ftern, die durch den goti\u017fchen Stil an ihrem h\u00f6ch\u017ften Punkt einen Bruch erfuh\u00adren (lat. Frak\u00adtur).<a href=\"https:\/\/urholstein.de\/index.php\/2015\/06\/26\/geschichte-der-gebrochenen-schrift\/\"> \u2248wei\u00adter\u00adle\u017fen\u2248 <\/a>","protected":false},"author":1,"featured_media":0,"comment_status":"closed","ping_status":"open","sticky":false,"template":"","format":"standard","meta":{"wp_typography_post_enhancements_disabled":false,"footnotes":""},"categories":[9],"tags":[66],"class_list":["post-2519","post","type-post","status-publish","format-standard","hentry","category-wissenswertes","tag-vergessenes"],"yoast_head":"<!-- This site is optimized with the Yoast SEO plugin v27.4 - https:\/\/yoast.com\/product\/yoast-seo-wordpress\/ -->\n<title>Geschichte der Gebrochenen Schrift<\/title>\n<meta name=\"description\" content=\"Mit dem Einzug der Gotik um das Jahr 1200, entstanden in Nordfrankreich die ersten ebenfalls gotischen gebrochenen Schriften - gebrochen deshalb, weil der..\" \/>\n<meta name=\"robots\" content=\"index, follow, max-snippet:-1, max-image-preview:large, max-video-preview:-1\" \/>\n<link rel=\"canonical\" href=\"https:\/\/urholstein.de\/index.php\/2015\/06\/26\/geschichte-der-gebrochenen-schrift\/\" \/>\n<meta property=\"og:locale\" content=\"de_DE\" \/>\n<meta property=\"og:type\" content=\"article\" \/>\n<meta property=\"og:title\" content=\"Geschichte der Gebrochenen Schrift\" \/>\n<meta property=\"og:description\" content=\"Mit dem Einzug der Gotik um das Jahr 1200, entstanden in Nordfrankreich die ersten ebenfalls gotischen gebrochenen Schriften - gebrochen deshalb, weil der..\" \/>\n<meta property=\"og:url\" content=\"https:\/\/urholstein.de\/index.php\/2015\/06\/26\/geschichte-der-gebrochenen-schrift\/\" \/>\n<meta property=\"og:site_name\" content=\"Urhol\u017ftein Wochenblatt\" \/>\n<meta property=\"article:published_time\" content=\"2015-06-26T02:50:27+00:00\" \/>\n<meta name=\"author\" content=\"Chri\u017ftine von Mesek-Sikorski\" \/>\n<meta name=\"twitter:card\" content=\"summary_large_image\" \/>\n<meta name=\"twitter:label1\" content=\"Verfasst von\" \/>\n\t<meta name=\"twitter:data1\" content=\"Chri\u017ftine von Mesek-Sikorski\" \/>\n\t<meta name=\"twitter:label2\" content=\"Gesch\u00e4tzte Lesezeit\" \/>\n\t<meta name=\"twitter:data2\" content=\"4 minutes\" \/>\n<script type=\"application\/ld+json\" class=\"yoast-schema-graph\">{\"@context\":\"https:\\\/\\\/schema.org\",\"@graph\":[{\"@type\":\"Article\",\"@id\":\"https:\\\/\\\/urholstein.de\\\/index.php\\\/2015\\\/06\\\/26\\\/geschichte-der-gebrochenen-schrift\\\/#article\",\"isPartOf\":{\"@id\":\"https:\\\/\\\/urholstein.de\\\/index.php\\\/2015\\\/06\\\/26\\\/geschichte-der-gebrochenen-schrift\\\/\"},\"author\":{\"name\":\"Chri\u017ftine von Mesek-Sikorski\",\"@id\":\"https:\\\/\\\/urholstein.de\\\/#\\\/schema\\\/person\\\/7dee6bdaa59678ce9d9e5a042a774850\"},\"headline\":\"Die Ge\u017fchichte der Gebrochenen Schrift\",\"datePublished\":\"2015-06-26T02:50:27+00:00\",\"mainEntityOfPage\":{\"@id\":\"https:\\\/\\\/urholstein.de\\\/index.php\\\/2015\\\/06\\\/26\\\/geschichte-der-gebrochenen-schrift\\\/\"},\"wordCount\":836,\"image\":{\"@id\":\"https:\\\/\\\/urholstein.de\\\/index.php\\\/2015\\\/06\\\/26\\\/geschichte-der-gebrochenen-schrift\\\/#primaryimage\"},\"thumbnailUrl\":\"http:\\\/\\\/urholstein.de\\\/wp-content\\\/uploads\\\/bogenbruch.png\",\"keywords\":[\"Verge\u017f\u017fenes\"],\"articleSection\":[\"Wi\u017f\u017fenswertes\"],\"inLanguage\":\"de-UW\"},{\"@type\":\"WebPage\",\"@id\":\"https:\\\/\\\/urholstein.de\\\/index.php\\\/2015\\\/06\\\/26\\\/geschichte-der-gebrochenen-schrift\\\/\",\"url\":\"https:\\\/\\\/urholstein.de\\\/index.php\\\/2015\\\/06\\\/26\\\/geschichte-der-gebrochenen-schrift\\\/\",\"name\":\"Geschichte der Gebrochenen Schrift\",\"isPartOf\":{\"@id\":\"https:\\\/\\\/urholstein.de\\\/#website\"},\"primaryImageOfPage\":{\"@id\":\"https:\\\/\\\/urholstein.de\\\/index.php\\\/2015\\\/06\\\/26\\\/geschichte-der-gebrochenen-schrift\\\/#primaryimage\"},\"image\":{\"@id\":\"https:\\\/\\\/urholstein.de\\\/index.php\\\/2015\\\/06\\\/26\\\/geschichte-der-gebrochenen-schrift\\\/#primaryimage\"},\"thumbnailUrl\":\"http:\\\/\\\/urholstein.de\\\/wp-content\\\/uploads\\\/bogenbruch.png\",\"datePublished\":\"2015-06-26T02:50:27+00:00\",\"author\":{\"@id\":\"https:\\\/\\\/urholstein.de\\\/#\\\/schema\\\/person\\\/7dee6bdaa59678ce9d9e5a042a774850\"},\"description\":\"Mit dem Einzug der Gotik um das Jahr 1200, entstanden in Nordfrankreich die ersten ebenfalls gotischen gebrochenen Schriften - gebrochen deshalb, weil der..\",\"breadcrumb\":{\"@id\":\"https:\\\/\\\/urholstein.de\\\/index.php\\\/2015\\\/06\\\/26\\\/geschichte-der-gebrochenen-schrift\\\/#breadcrumb\"},\"inLanguage\":\"de-UW\",\"potentialAction\":[{\"@type\":\"ReadAction\",\"target\":[\"https:\\\/\\\/urholstein.de\\\/index.php\\\/2015\\\/06\\\/26\\\/geschichte-der-gebrochenen-schrift\\\/\"]}]},{\"@type\":\"ImageObject\",\"inLanguage\":\"de-UW\",\"@id\":\"https:\\\/\\\/urholstein.de\\\/index.php\\\/2015\\\/06\\\/26\\\/geschichte-der-gebrochenen-schrift\\\/#primaryimage\",\"url\":\"\",\"contentUrl\":\"\"},{\"@type\":\"BreadcrumbList\",\"@id\":\"https:\\\/\\\/urholstein.de\\\/index.php\\\/2015\\\/06\\\/26\\\/geschichte-der-gebrochenen-schrift\\\/#breadcrumb\",\"itemListElement\":[{\"@type\":\"ListItem\",\"position\":1,\"name\":\"Urholstein\",\"item\":\"https:\\\/\\\/urholstein.de\\\/\"},{\"@type\":\"ListItem\",\"position\":2,\"name\":\"Wi\u017f\u017fenswertes\",\"item\":\"https:\\\/\\\/urholstein.de\\\/index.php\\\/category\\\/wissenswertes\\\/\"},{\"@type\":\"ListItem\",\"position\":3,\"name\":\"Die Ge\u017fchichte der Gebrochenen Schrift\"}]},{\"@type\":\"WebSite\",\"@id\":\"https:\\\/\\\/urholstein.de\\\/#website\",\"url\":\"https:\\\/\\\/urholstein.de\\\/\",\"name\":\"Urhol\u017ftein Wochenblatt\",\"description\":\"\",\"potentialAction\":[{\"@type\":\"SearchAction\",\"target\":{\"@type\":\"EntryPoint\",\"urlTemplate\":\"https:\\\/\\\/urholstein.de\\\/?s={search_term_string}\"},\"query-input\":{\"@type\":\"PropertyValueSpecification\",\"valueRequired\":true,\"valueName\":\"search_term_string\"}}],\"inLanguage\":\"de-UW\"},{\"@type\":\"Person\",\"@id\":\"https:\\\/\\\/urholstein.de\\\/#\\\/schema\\\/person\\\/7dee6bdaa59678ce9d9e5a042a774850\",\"name\":\"Chri\u017ftine von Mesek-Sikorski\",\"sameAs\":[\"https:\\\/\\\/urholstein.de\"],\"url\":\"https:\\\/\\\/urholstein.de\\\/index.php\\\/author\\\/administrator\\\/\"}]}<\/script>\n<!-- \/ Yoast SEO plugin. -->","yoast_head_json":{"title":"Geschichte der Gebrochenen Schrift","description":"Mit dem Einzug der Gotik um das Jahr 1200, entstanden in Nordfrankreich die ersten ebenfalls gotischen gebrochenen Schriften - gebrochen deshalb, weil der..","robots":{"index":"index","follow":"follow","max-snippet":"max-snippet:-1","max-image-preview":"max-image-preview:large","max-video-preview":"max-video-preview:-1"},"canonical":"https:\/\/urholstein.de\/index.php\/2015\/06\/26\/geschichte-der-gebrochenen-schrift\/","og_locale":"de_DE","og_type":"article","og_title":"Geschichte der Gebrochenen Schrift","og_description":"Mit dem Einzug der Gotik um das Jahr 1200, entstanden in Nordfrankreich die ersten ebenfalls gotischen gebrochenen Schriften - gebrochen deshalb, weil der..","og_url":"https:\/\/urholstein.de\/index.php\/2015\/06\/26\/geschichte-der-gebrochenen-schrift\/","og_site_name":"Urhol\u017ftein Wochenblatt","article_published_time":"2015-06-26T02:50:27+00:00","author":"Chri\u017ftine von Mesek-Sikorski","twitter_card":"summary_large_image","twitter_misc":{"Verfasst von":"Chri\u017ftine von Mesek-Sikorski","Gesch\u00e4tzte Lesezeit":"4 minutes"},"schema":{"@context":"https:\/\/schema.org","@graph":[{"@type":"Article","@id":"https:\/\/urholstein.de\/index.php\/2015\/06\/26\/geschichte-der-gebrochenen-schrift\/#article","isPartOf":{"@id":"https:\/\/urholstein.de\/index.php\/2015\/06\/26\/geschichte-der-gebrochenen-schrift\/"},"author":{"name":"Chri\u017ftine von Mesek-Sikorski","@id":"https:\/\/urholstein.de\/#\/schema\/person\/7dee6bdaa59678ce9d9e5a042a774850"},"headline":"Die Ge\u017fchichte der Gebrochenen Schrift","datePublished":"2015-06-26T02:50:27+00:00","mainEntityOfPage":{"@id":"https:\/\/urholstein.de\/index.php\/2015\/06\/26\/geschichte-der-gebrochenen-schrift\/"},"wordCount":836,"image":{"@id":"https:\/\/urholstein.de\/index.php\/2015\/06\/26\/geschichte-der-gebrochenen-schrift\/#primaryimage"},"thumbnailUrl":"http:\/\/urholstein.de\/wp-content\/uploads\/bogenbruch.png","keywords":["Verge\u017f\u017fenes"],"articleSection":["Wi\u017f\u017fenswertes"],"inLanguage":"de-UW"},{"@type":"WebPage","@id":"https:\/\/urholstein.de\/index.php\/2015\/06\/26\/geschichte-der-gebrochenen-schrift\/","url":"https:\/\/urholstein.de\/index.php\/2015\/06\/26\/geschichte-der-gebrochenen-schrift\/","name":"Geschichte der Gebrochenen Schrift","isPartOf":{"@id":"https:\/\/urholstein.de\/#website"},"primaryImageOfPage":{"@id":"https:\/\/urholstein.de\/index.php\/2015\/06\/26\/geschichte-der-gebrochenen-schrift\/#primaryimage"},"image":{"@id":"https:\/\/urholstein.de\/index.php\/2015\/06\/26\/geschichte-der-gebrochenen-schrift\/#primaryimage"},"thumbnailUrl":"http:\/\/urholstein.de\/wp-content\/uploads\/bogenbruch.png","datePublished":"2015-06-26T02:50:27+00:00","author":{"@id":"https:\/\/urholstein.de\/#\/schema\/person\/7dee6bdaa59678ce9d9e5a042a774850"},"description":"Mit dem Einzug der Gotik um das Jahr 1200, entstanden in Nordfrankreich die ersten ebenfalls gotischen gebrochenen Schriften - gebrochen deshalb, weil der..","breadcrumb":{"@id":"https:\/\/urholstein.de\/index.php\/2015\/06\/26\/geschichte-der-gebrochenen-schrift\/#breadcrumb"},"inLanguage":"de-UW","potentialAction":[{"@type":"ReadAction","target":["https:\/\/urholstein.de\/index.php\/2015\/06\/26\/geschichte-der-gebrochenen-schrift\/"]}]},{"@type":"ImageObject","inLanguage":"de-UW","@id":"https:\/\/urholstein.de\/index.php\/2015\/06\/26\/geschichte-der-gebrochenen-schrift\/#primaryimage","url":"","contentUrl":""},{"@type":"BreadcrumbList","@id":"https:\/\/urholstein.de\/index.php\/2015\/06\/26\/geschichte-der-gebrochenen-schrift\/#breadcrumb","itemListElement":[{"@type":"ListItem","position":1,"name":"Urholstein","item":"https:\/\/urholstein.de\/"},{"@type":"ListItem","position":2,"name":"Wi\u017f\u017fenswertes","item":"https:\/\/urholstein.de\/index.php\/category\/wissenswertes\/"},{"@type":"ListItem","position":3,"name":"Die Ge\u017fchichte der Gebrochenen Schrift"}]},{"@type":"WebSite","@id":"https:\/\/urholstein.de\/#website","url":"https:\/\/urholstein.de\/","name":"Urhol\u017ftein Wochenblatt","description":"","potentialAction":[{"@type":"SearchAction","target":{"@type":"EntryPoint","urlTemplate":"https:\/\/urholstein.de\/?s={search_term_string}"},"query-input":{"@type":"PropertyValueSpecification","valueRequired":true,"valueName":"search_term_string"}}],"inLanguage":"de-UW"},{"@type":"Person","@id":"https:\/\/urholstein.de\/#\/schema\/person\/7dee6bdaa59678ce9d9e5a042a774850","name":"Chri\u017ftine von Mesek-Sikorski","sameAs":["https:\/\/urholstein.de"],"url":"https:\/\/urholstein.de\/index.php\/author\/administrator\/"}]}},"_links":{"self":[{"href":"https:\/\/urholstein.de\/index.php\/wp-json\/wp\/v2\/posts\/2519","targetHints":{"allow":["GET"]}}],"collection":[{"href":"https:\/\/urholstein.de\/index.php\/wp-json\/wp\/v2\/posts"}],"about":[{"href":"https:\/\/urholstein.de\/index.php\/wp-json\/wp\/v2\/types\/post"}],"author":[{"embeddable":true,"href":"https:\/\/urholstein.de\/index.php\/wp-json\/wp\/v2\/users\/1"}],"replies":[{"embeddable":true,"href":"https:\/\/urholstein.de\/index.php\/wp-json\/wp\/v2\/comments?post=2519"}],"version-history":[{"count":0,"href":"https:\/\/urholstein.de\/index.php\/wp-json\/wp\/v2\/posts\/2519\/revisions"}],"wp:attachment":[{"href":"https:\/\/urholstein.de\/index.php\/wp-json\/wp\/v2\/media?parent=2519"}],"wp:term":[{"taxonomy":"category","embeddable":true,"href":"https:\/\/urholstein.de\/index.php\/wp-json\/wp\/v2\/categories?post=2519"},{"taxonomy":"post_tag","embeddable":true,"href":"https:\/\/urholstein.de\/index.php\/wp-json\/wp\/v2\/tags?post=2519"}],"curies":[{"name":"wp","href":"https:\/\/api.w.org\/{rel}","templated":true}]}}